{"id":795,"date":"2019-06-14T10:00:11","date_gmt":"2019-06-14T10:00:11","guid":{"rendered":"https:\/\/www.pulzus.eu\/?p=795"},"modified":"2019-06-12T13:21:42","modified_gmt":"2019-06-12T13:21:42","slug":"elhunytak-komposztalasa-pulzus-kutatas","status":"publish","type":"post","link":"https:\/\/www.pulzus.eu\/en\/elhunytak-komposztalasa-pulzus-kutatas\/","title":{"rendered":"Elhunytak komposzt\u00e1l\u00e1sa &#8211; Pulzus kutat\u00e1s"},"content":{"rendered":"<h2>Elhunytak komposzt\u00e1l\u00e1sa<\/h2>\n<p class=\"lead\">Az USA Washington \u00e1llam\u00e1ban \u00e9l\u0151 emberek d\u00f6nthetnek \u00fagy, hogy hal\u00e1luk ut\u00e1n term\u0151f\u00f6ld\u00e9 <a href=\"https:\/\/greenfo.hu\/hir\/ime-az-oko-temeto-ahol-mar-engedelyeztek-az-emberi-komposztalast\/\" target=\"_blank\" rel=\"noopener noreferrer\">komposzt\u00e1lj\u00e1k<\/a> a test\u00fcket, \u00e9s a f\u00f6ldet kert\u00e9szked\u00e9shez haszn\u00e1lj\u00e1k. A t\u00f6rv\u00e9nyt az \u00e1llam k\u00f6rnyezetv\u00e9d\u0151 korm\u00e1nyz\u00f3ja \u00edrta al\u00e1 annak \u00e9rdek\u00e9ben, hogy cs\u00f6kkents\u00e9k a hamvaszt\u00e1sok okozta l\u00e9gszennyez\u00e9st \u00e9s a kopors\u00f3s temet\u00e9sekkel \u2013 a balzsamoz\u00e1si elj\u00e1r\u00e1ssal \u2013 j\u00e1r\u00f3 vegyi szennyez\u00e9st \u00e9s term\u0151f\u00f6ldvesztes\u00e9get. Az elj\u00e1r\u00e1st \u201crekompozit\u00e1l\u00e1snak\u201d nevezt\u00e9k el.<\/p>\n<p class=\"lead\">V\u00e1laszad\u00f3ink 42%-a t\u00e1mogatn\u00e1 az elhunytak komposzt\u00e1l\u00e1s\u00e1t. Te is t\u00e1mogatn\u00e1d?<\/p>\n","protected":false},"excerpt":{"rendered":"<p>Elhunytak komposzt\u00e1l\u00e1sa Az USA Washington \u00e1llam\u00e1ban \u00e9l\u0151 emberek d\u00f6nthetnek \u00fagy, hogy hal\u00e1luk ut\u00e1n term\u0151f\u00f6ld\u00e9 komposzt\u00e1lj\u00e1k a test\u00fcket, \u00e9s a f\u00f6ldet kert\u00e9szked\u00e9shez haszn\u00e1lj\u00e1k. A t\u00f6rv\u00e9nyt az \u00e1llam k\u00f6rnyezetv\u00e9d\u0151 korm\u00e1nyz\u00f3ja \u00edrta al\u00e1 annak \u00e9rdek\u00e9ben, hogy cs\u00f6kkents\u00e9k a hamvaszt\u00e1sok okozta l\u00e9gszennyez\u00e9st \u00e9s a kopors\u00f3s temet\u00e9sekkel \u2013 a balzsamoz\u00e1si elj\u00e1r\u00e1ssal \u2013 j\u00e1r\u00f3 vegyi szennyez\u00e9st \u00e9s term\u0151f\u00f6ldvesztes\u00e9get. Az elj\u00e1r\u00e1st \u201crekompozit\u00e1l\u00e1snak\u201d [&#8230;]\n","protected":false},"author":1,"featured_media":796,"comment_status":"closed","ping_status":"closed","sticky":false,"template":"","format":"standard","meta":{"_monsterinsights_skip_tracking":false,"_monsterinsights_sitenote_active":false,"_monsterinsights_sitenote_note":"","_monsterinsights_sitenote_category":0,"footnotes":""},"categories":[16],"tags":[],"class_list":["post-795","post","type-post","status-publish","format-standard","has-post-thumbnail","hentry","category-pulzus-kutatasok"],"_links":{"self":[{"href":"https:\/\/www.pulzus.eu\/en\/wp-json\/wp\/v2\/posts\/795","targetHints":{"allow":["GET"]}}],"collection":[{"href":"https:\/\/www.pulzus.eu\/en\/wp-json\/wp\/v2\/posts"}],"about":[{"href":"https:\/\/www.pulzus.eu\/en\/wp-json\/wp\/v2\/types\/post"}],"author":[{"embeddable":true,"href":"https:\/\/www.pulzus.eu\/en\/wp-json\/wp\/v2\/users\/1"}],"replies":[{"embeddable":true,"href":"https:\/\/www.pulzus.eu\/en\/wp-json\/wp\/v2\/comments?post=795"}],"version-history":[{"count":0,"href":"https:\/\/www.pulzus.eu\/en\/wp-json\/wp\/v2\/posts\/795\/revisions"}],"wp:featuredmedia":[{"embeddable":true,"href":"https:\/\/www.pulzus.eu\/en\/wp-json\/wp\/v2\/media\/796"}],"wp:attachment":[{"href":"https:\/\/www.pulzus.eu\/en\/wp-json\/wp\/v2\/media?parent=795"}],"wp:term":[{"taxonomy":"category","embeddable":true,"href":"https:\/\/www.pulzus.eu\/en\/wp-json\/wp\/v2\/categories?post=795"},{"taxonomy":"post_tag","embeddable":true,"href":"https:\/\/www.pulzus.eu\/en\/wp-json\/wp\/v2\/tags?post=795"}],"curies":[{"name":"wp","href":"https:\/\/api.w.org\/{rel}","templated":true}]}}