{"id":746,"date":"2019-06-06T06:55:08","date_gmt":"2019-06-06T06:55:08","guid":{"rendered":"https:\/\/www.pulzus.eu\/?p=746"},"modified":"2019-06-04T10:03:34","modified_gmt":"2019-06-04T10:03:34","slug":"politikailag-korrekt-pulzus-kutatas","status":"publish","type":"post","link":"https:\/\/www.pulzus.eu\/en\/politikailag-korrekt-pulzus-kutatas\/","title":{"rendered":"Politikailag korrekt &#8211; Pulzus kutat\u00e1s"},"content":{"rendered":"<h2>Politikailag korrekt<\/h2>\n<p class=\"lead\">A kifejez\u00e9s haszn\u00e1lata n\u00e9mileg ellentmond\u00e1sos: ha ugyanis egy kijelent\u00e9st politikailag korrektk\u00e9nt kiemel\u00fcnk, az el\u0151felt\u00e9telezi, hogy a m\u00e1s form\u00e1j\u00fa megnyilatkoz\u00e1sok inkorrektek: emiatt olykor <a href=\"https:\/\/hu.wikipedia.org\/wiki\/Pejorat%C3%ADv_jelz\u0151\" target=\"_blank\" rel=\"noopener noreferrer\">pejorat\u00edv<\/a> \u00e9rtelemben haszn\u00e1ljuk. V\u00e1laszad\u00f3ink fele pozit\u00edv tartalm\u00fanak \u00edt\u00e9li a sz\u00f3fordulatot. Veled mi a helyzet?<\/p>\n","protected":false},"excerpt":{"rendered":"<p>Politikailag korrekt A kifejez\u00e9s haszn\u00e1lata n\u00e9mileg ellentmond\u00e1sos: ha ugyanis egy kijelent\u00e9st politikailag korrektk\u00e9nt kiemel\u00fcnk, az el\u0151felt\u00e9telezi, hogy a m\u00e1s form\u00e1j\u00fa megnyilatkoz\u00e1sok inkorrektek: emiatt olykor pejorat\u00edv \u00e9rtelemben haszn\u00e1ljuk. V\u00e1laszad\u00f3ink fele pozit\u00edv tartalm\u00fanak \u00edt\u00e9li a sz\u00f3fordulatot. Veled mi a helyzet?<\/p>\n","protected":false},"author":1,"featured_media":747,"comment_status":"closed","ping_status":"closed","sticky":false,"template":"","format":"standard","meta":{"_monsterinsights_skip_tracking":false,"_monsterinsights_sitenote_active":false,"_monsterinsights_sitenote_note":"","_monsterinsights_sitenote_category":0,"footnotes":""},"categories":[16],"tags":[],"class_list":["post-746","post","type-post","status-publish","format-standard","has-post-thumbnail","hentry","category-pulzus-kutatasok"],"_links":{"self":[{"href":"https:\/\/www.pulzus.eu\/en\/wp-json\/wp\/v2\/posts\/746","targetHints":{"allow":["GET"]}}],"collection":[{"href":"https:\/\/www.pulzus.eu\/en\/wp-json\/wp\/v2\/posts"}],"about":[{"href":"https:\/\/www.pulzus.eu\/en\/wp-json\/wp\/v2\/types\/post"}],"author":[{"embeddable":true,"href":"https:\/\/www.pulzus.eu\/en\/wp-json\/wp\/v2\/users\/1"}],"replies":[{"embeddable":true,"href":"https:\/\/www.pulzus.eu\/en\/wp-json\/wp\/v2\/comments?post=746"}],"version-history":[{"count":0,"href":"https:\/\/www.pulzus.eu\/en\/wp-json\/wp\/v2\/posts\/746\/revisions"}],"wp:featuredmedia":[{"embeddable":true,"href":"https:\/\/www.pulzus.eu\/en\/wp-json\/wp\/v2\/media\/747"}],"wp:attachment":[{"href":"https:\/\/www.pulzus.eu\/en\/wp-json\/wp\/v2\/media?parent=746"}],"wp:term":[{"taxonomy":"category","embeddable":true,"href":"https:\/\/www.pulzus.eu\/en\/wp-json\/wp\/v2\/categories?post=746"},{"taxonomy":"post_tag","embeddable":true,"href":"https:\/\/www.pulzus.eu\/en\/wp-json\/wp\/v2\/tags?post=746"}],"curies":[{"name":"wp","href":"https:\/\/api.w.org\/{rel}","templated":true}]}}