{"id":2957,"date":"2021-02-04T08:00:04","date_gmt":"2021-02-04T07:00:04","guid":{"rendered":"https:\/\/www.pulzus.eu\/?p=2957"},"modified":"2021-02-11T08:09:59","modified_gmt":"2021-02-11T07:09:59","slug":"kornyezetvedelem-webes-hivasok-kozben-pulzus-kutatas","status":"publish","type":"post","link":"https:\/\/www.pulzus.eu\/en\/kornyezetvedelem-webes-hivasok-kozben-pulzus-kutatas\/","title":{"rendered":"K\u00f6rnyezetv\u00e9delem webes h\u00edv\u00e1sok k\u00f6zben \u2013 Pulzus k\u00f6zv\u00e9lem\u00e9nykutat\u00e1s"},"content":{"rendered":"<p><span style=\"font-weight: 400;\">A kutat\u00f3k szerint a webes h\u00edv\u00e1sok sor\u00e1n a kamera kikapcsol\u00e1sa 96%-kal cs\u00f6kkentheti az internetes forgalomb\u00f3l sz\u00e1rmaz\u00f3 sz\u00e9n-dioxid kibocs\u00e1t\u00e1st. Kevesen gondoln\u00e1nk, hogy egy ilyen egyszer\u0171 l\u00e9p\u00e9ssel is sokat seg\u00edthet\u00fcnk a k\u00f6rnyezet\u00fcnk meg\u00f3v\u00e1s\u00e1ban.<\/span><\/p>\n<p><span style=\"font-weight: 400;\">K\u00edv\u00e1ncsiak voltunk, hogy felhaszn\u00e1l\u00f3ink a kutat\u00e1si eredm\u00e9ny tudat\u00e1ban k\u00e9pesek lenn\u00e9nek-e lemondani a kamera haszn\u00e1latr\u00f3l.<\/span><\/p>\n<p><span style=\"font-weight: 400;\">Felhaszn\u00e1l\u00f3ink t\u00f6bb mint a fele 55%-a kikapcsoln\u00e1 a kamer\u00e1j\u00e1t annak \u00e9rdek\u00e9ben, hogy cs\u00f6kkentse az internetes forgalomb\u00f3l sz\u00e1rmaz\u00f3 sz\u00e9n-dioxid kibocs\u00e1t\u00e1st. A v\u00e1laszad\u00f3k 13%-a nem kapcsoln\u00e1 ki \u00e9s 25% pedig tal\u00e1n kikapcsoln\u00e1 a kamer\u00e1j\u00e1t.<\/span><\/p>\n<p>&nbsp;<\/p>\n<h6>A Pulzus\u00a0 \u00ae\u00a0 az applik\u00e1ci\u00f3 l\u00e9trehoz\u00f3inak szellemi term\u00e9ke, a m\u00f3dszer \u00e9s az alkalmaz\u00e1s\u00e1val l\u00e9trej\u00f6tt adatok \u00e9s k\u00f6vetkeztet\u00e9sek jogosulatlan felhaszn\u00e1l\u00e1sa t\u00f6rv\u00e9nys\u00e9rt\u00e9s.<\/h6>\n","protected":false},"excerpt":{"rendered":"<p>A kutat\u00f3k szerint a webes h\u00edv\u00e1sok sor\u00e1n a kamera kikapcsol\u00e1sa 96%-kal cs\u00f6kkentheti az internetes forgalomb\u00f3l sz\u00e1rmaz\u00f3 sz\u00e9n-dioxid kibocs\u00e1t\u00e1st. Kevesen gondoln\u00e1nk, hogy egy ilyen egyszer\u0171 l\u00e9p\u00e9ssel is sokat seg\u00edthet\u00fcnk a k\u00f6rnyezet\u00fcnk meg\u00f3v\u00e1s\u00e1ban. K\u00edv\u00e1ncsiak voltunk, hogy felhaszn\u00e1l\u00f3ink a kutat\u00e1si eredm\u00e9ny tudat\u00e1ban k\u00e9pesek lenn\u00e9nek-e lemondani a kamera haszn\u00e1latr\u00f3l. Felhaszn\u00e1l\u00f3ink t\u00f6bb mint a fele 55%-a kikapcsoln\u00e1 a kamer\u00e1j\u00e1t annak [&#8230;]\n","protected":false},"author":2,"featured_media":2959,"comment_status":"closed","ping_status":"closed","sticky":false,"template":"","format":"standard","meta":{"_monsterinsights_skip_tracking":false,"_monsterinsights_sitenote_active":false,"_monsterinsights_sitenote_note":"","_monsterinsights_sitenote_category":0,"footnotes":""},"categories":[16],"tags":[],"class_list":["post-2957","post","type-post","status-publish","format-standard","has-post-thumbnail","hentry","category-pulzus-kutatasok"],"_links":{"self":[{"href":"https:\/\/www.pulzus.eu\/en\/wp-json\/wp\/v2\/posts\/2957","targetHints":{"allow":["GET"]}}],"collection":[{"href":"https:\/\/www.pulzus.eu\/en\/wp-json\/wp\/v2\/posts"}],"about":[{"href":"https:\/\/www.pulzus.eu\/en\/wp-json\/wp\/v2\/types\/post"}],"author":[{"embeddable":true,"href":"https:\/\/www.pulzus.eu\/en\/wp-json\/wp\/v2\/users\/2"}],"replies":[{"embeddable":true,"href":"https:\/\/www.pulzus.eu\/en\/wp-json\/wp\/v2\/comments?post=2957"}],"version-history":[{"count":0,"href":"https:\/\/www.pulzus.eu\/en\/wp-json\/wp\/v2\/posts\/2957\/revisions"}],"wp:featuredmedia":[{"embeddable":true,"href":"https:\/\/www.pulzus.eu\/en\/wp-json\/wp\/v2\/media\/2959"}],"wp:attachment":[{"href":"https:\/\/www.pulzus.eu\/en\/wp-json\/wp\/v2\/media?parent=2957"}],"wp:term":[{"taxonomy":"category","embeddable":true,"href":"https:\/\/www.pulzus.eu\/en\/wp-json\/wp\/v2\/categories?post=2957"},{"taxonomy":"post_tag","embeddable":true,"href":"https:\/\/www.pulzus.eu\/en\/wp-json\/wp\/v2\/tags?post=2957"}],"curies":[{"name":"wp","href":"https:\/\/api.w.org\/{rel}","templated":true}]}}