{"id":2806,"date":"2021-01-19T08:00:16","date_gmt":"2021-01-19T07:00:16","guid":{"rendered":"https:\/\/www.pulzus.eu\/?p=2806"},"modified":"2021-02-01T10:47:24","modified_gmt":"2021-02-01T09:47:24","slug":"husmentes-hus-pulzus-kozvelemenykutatas","status":"publish","type":"post","link":"https:\/\/www.pulzus.eu\/en\/husmentes-hus-pulzus-kozvelemenykutatas\/","title":{"rendered":"H\u00fasmentes term\u00e9kek &#8211; Pulzus k\u00f6zv\u00e9lem\u00e9nykutat\u00e1s"},"content":{"rendered":"<h2>H\u00fasmentes term\u00e9kek &#8211; Pulzus k\u00f6zv\u00e9lem\u00e9nykutat\u00e1s<\/h2>\n<p>A t\u00falzott \u00e1llati eredet\u0171 feh\u00e9rjefogyaszt\u00e1s egy\u00e9rtelm\u0171en nagy terhet jelent a F\u00f6ld sz\u00e1m\u00e1ra, ez\u00e9rt ma m\u00e1r egyre t\u00f6bb kezdem\u00e9nyez\u00e9s indul annak \u00e9rdek\u00e9ben, hogy ha nem is v\u00e1ltanak a fogyaszt\u00f3k n\u00f6v\u00e9nyi \u00e9trendre, t\u00f6rekedjenek arra, hogy beiktass\u00e1k a h\u00e9tk\u00f6znapokba a h\u00fasmentes alternat\u00edv\u00e1kat.<\/p>\n<p>Kutat\u00e1sunkban arra kerest\u00fck a v\u00e1laszt, hogy felhaszn\u00e1l\u00f3ink mennyire nyitottak a h\u00fasmentes term\u00e9kekre. Felhaszn\u00e1l\u00f3ink 44%-a nem v\u00e1laszt h\u00fasmentes alternat\u00edv\u00e1t \u00e9s 12%-a v\u00e1laszolta azt, hogy gyakran v\u00e1laszt h\u00fasmentes term\u00e9ket. A felhaszn\u00e1l\u00f3k 35%-a ritk\u00e1n v\u00e1laszt h\u00fasmentes alternat\u00edv\u00e1t, ha az is van a k\u00edn\u00e1latban. \u00d6sszess\u00e9g\u00e9ben elmondhat\u00f3, hogy felhaszn\u00e1l\u00f3ink k\u00f6r\u00e9ben m\u00e9g nem n\u00e9pszer\u0171ek a h\u00fasmentes h\u00fasok.<\/p>\n<p>&nbsp;<\/p>\n<h6>A Pulzus\u00a0 \u00ae\u00a0 az applik\u00e1ci\u00f3 l\u00e9trehoz\u00f3inak szellemi term\u00e9ke, a m\u00f3dszer \u00e9s az alkalmaz\u00e1s\u00e1val l\u00e9trej\u00f6tt adatok \u00e9s k\u00f6vetkeztet\u00e9sek jogosulatlan felhaszn\u00e1l\u00e1sa t\u00f6rv\u00e9nys\u00e9rt\u00e9s.<\/h6>\n","protected":false},"excerpt":{"rendered":"<p>H\u00fasmentes term\u00e9kek &#8211; Pulzus k\u00f6zv\u00e9lem\u00e9nykutat\u00e1s A t\u00falzott \u00e1llati eredet\u0171 feh\u00e9rjefogyaszt\u00e1s egy\u00e9rtelm\u0171en nagy terhet jelent a F\u00f6ld sz\u00e1m\u00e1ra, ez\u00e9rt ma m\u00e1r egyre t\u00f6bb kezdem\u00e9nyez\u00e9s indul annak \u00e9rdek\u00e9ben, hogy ha nem is v\u00e1ltanak a fogyaszt\u00f3k n\u00f6v\u00e9nyi \u00e9trendre, t\u00f6rekedjenek arra, hogy beiktass\u00e1k a h\u00e9tk\u00f6znapokba a h\u00fasmentes alternat\u00edv\u00e1kat. Kutat\u00e1sunkban arra kerest\u00fck a v\u00e1laszt, hogy felhaszn\u00e1l\u00f3ink mennyire nyitottak a h\u00fasmentes [&#8230;]\n","protected":false},"author":2,"featured_media":2808,"comment_status":"closed","ping_status":"closed","sticky":false,"template":"","format":"standard","meta":{"_monsterinsights_skip_tracking":false,"_monsterinsights_sitenote_active":false,"_monsterinsights_sitenote_note":"","_monsterinsights_sitenote_category":0,"footnotes":""},"categories":[16],"tags":[],"class_list":["post-2806","post","type-post","status-publish","format-standard","has-post-thumbnail","hentry","category-pulzus-kutatasok"],"_links":{"self":[{"href":"https:\/\/www.pulzus.eu\/en\/wp-json\/wp\/v2\/posts\/2806","targetHints":{"allow":["GET"]}}],"collection":[{"href":"https:\/\/www.pulzus.eu\/en\/wp-json\/wp\/v2\/posts"}],"about":[{"href":"https:\/\/www.pulzus.eu\/en\/wp-json\/wp\/v2\/types\/post"}],"author":[{"embeddable":true,"href":"https:\/\/www.pulzus.eu\/en\/wp-json\/wp\/v2\/users\/2"}],"replies":[{"embeddable":true,"href":"https:\/\/www.pulzus.eu\/en\/wp-json\/wp\/v2\/comments?post=2806"}],"version-history":[{"count":0,"href":"https:\/\/www.pulzus.eu\/en\/wp-json\/wp\/v2\/posts\/2806\/revisions"}],"wp:featuredmedia":[{"embeddable":true,"href":"https:\/\/www.pulzus.eu\/en\/wp-json\/wp\/v2\/media\/2808"}],"wp:attachment":[{"href":"https:\/\/www.pulzus.eu\/en\/wp-json\/wp\/v2\/media?parent=2806"}],"wp:term":[{"taxonomy":"category","embeddable":true,"href":"https:\/\/www.pulzus.eu\/en\/wp-json\/wp\/v2\/categories?post=2806"},{"taxonomy":"post_tag","embeddable":true,"href":"https:\/\/www.pulzus.eu\/en\/wp-json\/wp\/v2\/tags?post=2806"}],"curies":[{"name":"wp","href":"https:\/\/api.w.org\/{rel}","templated":true}]}}