{"id":2686,"date":"2021-01-05T18:49:55","date_gmt":"2021-01-05T17:49:55","guid":{"rendered":"https:\/\/www.pulzus.eu\/?p=2686"},"modified":"2021-02-01T10:44:08","modified_gmt":"2021-02-01T09:44:08","slug":"a-2020-as-ev-lezarasa-pulzus-kozvelemenykutatas","status":"publish","type":"post","link":"https:\/\/www.pulzus.eu\/en\/a-2020-as-ev-lezarasa-pulzus-kozvelemenykutatas\/","title":{"rendered":"A 2020-as \u00e9v v\u00e9ge &#8211; Pulzus k\u00f6zv\u00e9lem\u00e9nykutat\u00e1s"},"content":{"rendered":"<h2>A 2020-as \u00e9v v\u00e9ge<\/h2>\n<p>Az \u00faj esztend\u0151be l\u00e9pve arr\u00f3l k\u00e9rdezt\u00fck a felhaszn\u00e1l\u00f3inkat, hogyan \u00e9lt\u00e9k meg 2020-at.<\/p>\n<p>A vil\u00e1gj\u00e1rv\u00e1ny, \u00e9s az ezzel j\u00e1r\u00f3 k\u00f6vetkezm\u00e9nyek megtett\u00e9k a hat\u00e1sukat: a v\u00e1laszad\u00f3k csaknem 32%-a gondolja \u00fagy, hogy 2020 egy sz\u00f6rny\u0171 \u00e9v volt, \u00e9s alig v\u00e1rt\u00e1k, hogy v\u00e9gre v\u00e9ge legyen.<\/p>\n<p>A legt\u00f6bben, az emberek k\u00f6zel 43%-a azt a v\u00e1laszt adta, hogy sok neh\u00e9zs\u00e9ggel j\u00e1rt, de \u00f6sszess\u00e9g\u00e9ben nem \u00e9rte \u0151ket nagyobb vesztes\u00e9g.<\/p>\n<p>Szerencs\u00e9re voltak olyanok is, akik kev\u00e9sb\u00e9 rossz vagy ak\u00e1r kifejezetten j\u00f3 \u00e9vet tudhatnak maguk m\u00f6g\u00f6tt, \u0151k a v\u00e1laszol\u00f3k 24%-\u00e1t teszik ki.<\/p>\n<p>Amennyiben a korcsoportok szerinti bont\u00e1st n\u00e9zz\u00fck, a 60 \u00e9v felettiek kev\u00e9sb\u00e9 tartott\u00e1k \u00e1tlagosnak az elm\u00falt \u00e9vet, valamint a fiatalabb koroszt\u00e1lyokhoz k\u00e9pest nagyobb ar\u00e1nyban mondt\u00e1k azt, hogy pocs\u00e9k volt a 2020-as \u00e9v, emellett pedig mind\u00f6ssze 1% mondta azt, hogy j\u00f3 \u00e9vet z\u00e1rt.<\/p>\n<div id=\"amchart1\" style=\"width: 100%; height: 500px;\"><\/div>\n<p>&nbsp;<\/p>\n<h6>A Pulzus\u00a0 \u00ae\u00a0 az applik\u00e1ci\u00f3 l\u00e9trehoz\u00f3inak szellemi term\u00e9ke, a m\u00f3dszer \u00e9s az alkalmaz\u00e1s\u00e1val l\u00e9trej\u00f6tt adatok \u00e9s k\u00f6vetkeztet\u00e9sek jogosulatlan felhaszn\u00e1l\u00e1sa t\u00f6rv\u00e9nys\u00e9rt\u00e9s.<\/h6>\n","protected":false},"excerpt":{"rendered":"<p>A 2020-as \u00e9v v\u00e9ge Az \u00faj esztend\u0151be l\u00e9pve arr\u00f3l k\u00e9rdezt\u00fck a felhaszn\u00e1l\u00f3inkat, hogyan \u00e9lt\u00e9k meg 2020-at. A vil\u00e1gj\u00e1rv\u00e1ny, \u00e9s az ezzel j\u00e1r\u00f3 k\u00f6vetkezm\u00e9nyek megtett\u00e9k a hat\u00e1sukat: a v\u00e1laszad\u00f3k csaknem 32%-a gondolja \u00fagy, hogy 2020 egy sz\u00f6rny\u0171 \u00e9v volt, \u00e9s alig v\u00e1rt\u00e1k, hogy v\u00e9gre v\u00e9ge legyen. A legt\u00f6bben, az emberek k\u00f6zel 43%-a azt a v\u00e1laszt adta, [&#8230;]\n","protected":false},"author":2,"featured_media":2687,"comment_status":"closed","ping_status":"closed","sticky":false,"template":"","format":"standard","meta":{"_monsterinsights_skip_tracking":false,"_monsterinsights_sitenote_active":false,"_monsterinsights_sitenote_note":"","_monsterinsights_sitenote_category":0,"footnotes":""},"categories":[16],"tags":[],"class_list":["post-2686","post","type-post","status-publish","format-standard","has-post-thumbnail","hentry","category-pulzus-kutatasok"],"_links":{"self":[{"href":"https:\/\/www.pulzus.eu\/en\/wp-json\/wp\/v2\/posts\/2686","targetHints":{"allow":["GET"]}}],"collection":[{"href":"https:\/\/www.pulzus.eu\/en\/wp-json\/wp\/v2\/posts"}],"about":[{"href":"https:\/\/www.pulzus.eu\/en\/wp-json\/wp\/v2\/types\/post"}],"author":[{"embeddable":true,"href":"https:\/\/www.pulzus.eu\/en\/wp-json\/wp\/v2\/users\/2"}],"replies":[{"embeddable":true,"href":"https:\/\/www.pulzus.eu\/en\/wp-json\/wp\/v2\/comments?post=2686"}],"version-history":[{"count":0,"href":"https:\/\/www.pulzus.eu\/en\/wp-json\/wp\/v2\/posts\/2686\/revisions"}],"wp:featuredmedia":[{"embeddable":true,"href":"https:\/\/www.pulzus.eu\/en\/wp-json\/wp\/v2\/media\/2687"}],"wp:attachment":[{"href":"https:\/\/www.pulzus.eu\/en\/wp-json\/wp\/v2\/media?parent=2686"}],"wp:term":[{"taxonomy":"category","embeddable":true,"href":"https:\/\/www.pulzus.eu\/en\/wp-json\/wp\/v2\/categories?post=2686"},{"taxonomy":"post_tag","embeddable":true,"href":"https:\/\/www.pulzus.eu\/en\/wp-json\/wp\/v2\/tags?post=2686"}],"curies":[{"name":"wp","href":"https:\/\/api.w.org\/{rel}","templated":true}]}}