{"id":2364,"date":"2020-03-15T10:34:58","date_gmt":"2020-03-15T09:34:58","guid":{"rendered":"https:\/\/www.pulzus.eu\/?p=2364"},"modified":"2020-03-15T10:36:46","modified_gmt":"2020-03-15T09:36:46","slug":"a-koronavirus-elterjedese-magyarorszagon-pulzus-kozvelemenykutatas","status":"publish","type":"post","link":"https:\/\/www.pulzus.eu\/en\/a-koronavirus-elterjedese-magyarorszagon-pulzus-kozvelemenykutatas\/","title":{"rendered":"A koronav\u00edrus elterjed\u00e9se Magyarorsz\u00e1gon &#8211; Pulzus k\u00f6zv\u00e9lem\u00e9nykutat\u00e1s"},"content":{"rendered":"<h2>A koronav\u00edrus elterjed\u00e9se Magyarorsz\u00e1gon<\/h2>\n<p class=\"lead\">&#8220;A magyar korm\u00e1ny operat\u00edv t\u00f6rzset hozott l\u00e9tre az \u00faj koronav\u00edrus elleni k\u00fczdelem \u00e9rdek\u00e9ben.\u00a0<a href=\"https:\/\/koronavirus.gov.hu\" target=\"_blank\" rel=\"noopener noreferrer\">Ezen a honlapon hiteles \u00e9s naprak\u00e9sz inform\u00e1ci\u00f3kat tal\u00e1l a hat\u00f3s\u00e1gi int\u00e9zked\u00e9sekr\u0151l<\/a>, a megel\u0151z\u00e9shez sz\u00fcks\u00e9ges l\u00e9p\u00e9sekr\u0151l \u00e9s teend\u0151kr\u0151l a panaszok eset\u00e9n.\u00a0Tegy\u00fcnk mindannyian az eg\u00e9szs\u00e9g\u00fcnk\u00e9rt!&#8221;<\/p>\n<p class=\"lead\">32% szerint Magyarorosz\u00e1g nem fogja tudni kezelni a koronav\u00edrus elterjed\u00e9se eset\u00e9n a helyzetet. Te hogy gondolod?<\/p>\n","protected":false},"excerpt":{"rendered":"<p>A koronav\u00edrus elterjed\u00e9se Magyarorsz\u00e1gon &#8220;A magyar korm\u00e1ny operat\u00edv t\u00f6rzset hozott l\u00e9tre az \u00faj koronav\u00edrus elleni k\u00fczdelem \u00e9rdek\u00e9ben.\u00a0Ezen a honlapon hiteles \u00e9s naprak\u00e9sz inform\u00e1ci\u00f3kat tal\u00e1l a hat\u00f3s\u00e1gi int\u00e9zked\u00e9sekr\u0151l, a megel\u0151z\u00e9shez sz\u00fcks\u00e9ges l\u00e9p\u00e9sekr\u0151l \u00e9s teend\u0151kr\u0151l a panaszok eset\u00e9n.\u00a0Tegy\u00fcnk mindannyian az eg\u00e9szs\u00e9g\u00fcnk\u00e9rt!&#8221; 32% szerint Magyarorosz\u00e1g nem fogja tudni kezelni a koronav\u00edrus elterjed\u00e9se eset\u00e9n a helyzetet. Te hogy gondolod?<\/p>\n","protected":false},"author":1,"featured_media":2365,"comment_status":"closed","ping_status":"closed","sticky":false,"template":"","format":"standard","meta":{"_monsterinsights_skip_tracking":false,"_monsterinsights_sitenote_active":false,"_monsterinsights_sitenote_note":"","_monsterinsights_sitenote_category":0,"footnotes":""},"categories":[16],"tags":[],"class_list":["post-2364","post","type-post","status-publish","format-standard","has-post-thumbnail","hentry","category-pulzus-kutatasok"],"_links":{"self":[{"href":"https:\/\/www.pulzus.eu\/en\/wp-json\/wp\/v2\/posts\/2364","targetHints":{"allow":["GET"]}}],"collection":[{"href":"https:\/\/www.pulzus.eu\/en\/wp-json\/wp\/v2\/posts"}],"about":[{"href":"https:\/\/www.pulzus.eu\/en\/wp-json\/wp\/v2\/types\/post"}],"author":[{"embeddable":true,"href":"https:\/\/www.pulzus.eu\/en\/wp-json\/wp\/v2\/users\/1"}],"replies":[{"embeddable":true,"href":"https:\/\/www.pulzus.eu\/en\/wp-json\/wp\/v2\/comments?post=2364"}],"version-history":[{"count":0,"href":"https:\/\/www.pulzus.eu\/en\/wp-json\/wp\/v2\/posts\/2364\/revisions"}],"wp:featuredmedia":[{"embeddable":true,"href":"https:\/\/www.pulzus.eu\/en\/wp-json\/wp\/v2\/media\/2365"}],"wp:attachment":[{"href":"https:\/\/www.pulzus.eu\/en\/wp-json\/wp\/v2\/media?parent=2364"}],"wp:term":[{"taxonomy":"category","embeddable":true,"href":"https:\/\/www.pulzus.eu\/en\/wp-json\/wp\/v2\/categories?post=2364"},{"taxonomy":"post_tag","embeddable":true,"href":"https:\/\/www.pulzus.eu\/en\/wp-json\/wp\/v2\/tags?post=2364"}],"curies":[{"name":"wp","href":"https:\/\/api.w.org\/{rel}","templated":true}]}}