{"id":2276,"date":"2020-02-24T08:58:53","date_gmt":"2020-02-24T07:58:53","guid":{"rendered":"https:\/\/www.pulzus.eu\/?p=2276"},"modified":"2020-02-22T09:12:06","modified_gmt":"2020-02-22T08:12:06","slug":"kastelyok-karbantartasa-pulzus-kozvelemenykutatas","status":"publish","type":"post","link":"https:\/\/www.pulzus.eu\/en\/kastelyok-karbantartasa-pulzus-kozvelemenykutatas\/","title":{"rendered":"Kast\u00e9lyok karbantart\u00e1sa &#8211; Pulzus k\u00f6zv\u00e9lem\u00e9nykutat\u00e1s"},"content":{"rendered":"<h2>Kast\u00e9lyok karbantart\u00e1sa<\/h2>\n<p class=\"lead\">A fert\u0151di Esterh\u00e1zy-kast\u00e9ly \u00e9p\u00fcletegy\u00fcttese \u00e9s a benne l\u00e1that\u00f3 kort\u00f6rt\u00e9neti ki\u00e1ll\u00edt\u00e1s Fert\u0151d v\u00e1ros f\u0151 nevezetess\u00e9ge, Magyarorsz\u00e1g egyik kiemelked\u0151 turisztikai l\u00e1tnival\u00f3ja. Mai form\u00e1j\u00e1t a 18. sz\u00e1zad m\u00e1sodik fel\u00e9ben nyerte el, Esterh\u00e1zy Mikl\u00f3s elk\u00e9pzel\u00e9sei \u00e9s tervei alapj\u00e1n. A barokk \u00e9p\u00fcletegy\u00fcttes a maga kor\u00e1ban egyed\u00fcl\u00e1ll\u00f3 \u00e9p\u00edt\u00e9szeti jelens\u00e9gk\u00e9nt \u00e9rt\u00e9kelhet\u0151. A kast\u00e9lyban egy lakoszt\u00e1lyt tart fenn az \u00e1llam az Esterh\u00e1zy csal\u00e1dnak, azaz jelenleg herceg Esterh\u00e1zy Antal sz\u00e1m\u00e1ra.<\/p>\n<p class=\"lead\">63% szerint az \u00e1llam feladata karbantartani a kast\u00e9lyokat. Te lakn\u00e1l egy kast\u00e9lyban?<\/p>\n","protected":false},"excerpt":{"rendered":"<p>Kast\u00e9lyok karbantart\u00e1sa A fert\u0151di Esterh\u00e1zy-kast\u00e9ly \u00e9p\u00fcletegy\u00fcttese \u00e9s a benne l\u00e1that\u00f3 kort\u00f6rt\u00e9neti ki\u00e1ll\u00edt\u00e1s Fert\u0151d v\u00e1ros f\u0151 nevezetess\u00e9ge, Magyarorsz\u00e1g egyik kiemelked\u0151 turisztikai l\u00e1tnival\u00f3ja. Mai form\u00e1j\u00e1t a 18. sz\u00e1zad m\u00e1sodik fel\u00e9ben nyerte el, Esterh\u00e1zy Mikl\u00f3s elk\u00e9pzel\u00e9sei \u00e9s tervei alapj\u00e1n. A barokk \u00e9p\u00fcletegy\u00fcttes a maga kor\u00e1ban egyed\u00fcl\u00e1ll\u00f3 \u00e9p\u00edt\u00e9szeti jelens\u00e9gk\u00e9nt \u00e9rt\u00e9kelhet\u0151. A kast\u00e9lyban egy lakoszt\u00e1lyt tart fenn az \u00e1llam az [&#8230;]\n","protected":false},"author":1,"featured_media":2277,"comment_status":"closed","ping_status":"closed","sticky":false,"template":"","format":"standard","meta":{"_monsterinsights_skip_tracking":false,"_monsterinsights_sitenote_active":false,"_monsterinsights_sitenote_note":"","_monsterinsights_sitenote_category":0,"footnotes":""},"categories":[16],"tags":[60,61,59,28,27,18,26,35],"class_list":["post-2276","post","type-post","status-publish","format-standard","has-post-thumbnail","hentry","category-pulzus-kutatasok","tag-esterhazy-antal","tag-esterhazy-kastely-fertod","tag-kastely","tag-kozvelemeny-kutatas","tag-kozvelemenykutatas","tag-pulzus","tag-pulzus-kutato","tag-velemenyvezer"],"_links":{"self":[{"href":"https:\/\/www.pulzus.eu\/en\/wp-json\/wp\/v2\/posts\/2276","targetHints":{"allow":["GET"]}}],"collection":[{"href":"https:\/\/www.pulzus.eu\/en\/wp-json\/wp\/v2\/posts"}],"about":[{"href":"https:\/\/www.pulzus.eu\/en\/wp-json\/wp\/v2\/types\/post"}],"author":[{"embeddable":true,"href":"https:\/\/www.pulzus.eu\/en\/wp-json\/wp\/v2\/users\/1"}],"replies":[{"embeddable":true,"href":"https:\/\/www.pulzus.eu\/en\/wp-json\/wp\/v2\/comments?post=2276"}],"version-history":[{"count":0,"href":"https:\/\/www.pulzus.eu\/en\/wp-json\/wp\/v2\/posts\/2276\/revisions"}],"wp:featuredmedia":[{"embeddable":true,"href":"https:\/\/www.pulzus.eu\/en\/wp-json\/wp\/v2\/media\/2277"}],"wp:attachment":[{"href":"https:\/\/www.pulzus.eu\/en\/wp-json\/wp\/v2\/media?parent=2276"}],"wp:term":[{"taxonomy":"category","embeddable":true,"href":"https:\/\/www.pulzus.eu\/en\/wp-json\/wp\/v2\/categories?post=2276"},{"taxonomy":"post_tag","embeddable":true,"href":"https:\/\/www.pulzus.eu\/en\/wp-json\/wp\/v2\/tags?post=2276"}],"curies":[{"name":"wp","href":"https:\/\/api.w.org\/{rel}","templated":true}]}}