{"id":1898,"date":"2019-12-14T12:00:08","date_gmt":"2019-12-14T11:00:08","guid":{"rendered":"https:\/\/www.pulzus.eu\/?p=1898"},"modified":"2019-12-10T16:01:55","modified_gmt":"2019-12-10T15:01:55","slug":"stresszes-adventi-idoszak-pulzus-kutatas","status":"publish","type":"post","link":"https:\/\/www.pulzus.eu\/en\/stresszes-adventi-idoszak-pulzus-kutatas\/","title":{"rendered":"Stresszes adventi id\u0151szak &#8211; Pulzus kutat\u00e1s"},"content":{"rendered":"<h2>Stresszes adventi id\u0151szak<\/h2>\n<p class=\"lead\">K\u00f6zeledik a kar\u00e1csony, azonban sokak sz\u00e1m\u00e1ra ez az id\u0151szak nem csup\u00e1n a meghitts\u00e9get \u00e9s a nyugalmat jelenti, hanem stresszforr\u00e1sk\u00e9nt is szolg\u00e1l. Milyen aj\u00e1nd\u00e9kot vegyek, hogy senki ne legyen el\u00e9gedetlen? Hogyan fogok elk\u00e9sz\u00fclni a kar\u00e1csonyi d\u00edsz\u00edt\u00e9ssel \u00e9s az \u00fcnnepi fog\u00e1sokkal? Megint az \u00fcnnepi vacsora k\u00f6zben j\u00f6nnek fel az \u00e9ppen aktu\u00e1lis csal\u00e1di probl\u00e9m\u00e1k?<\/p>\n<p class=\"lead\">9%-nak okoz stresszt az adventi id\u0151szak. T\u00e9ged is stresszel?<\/p>\n","protected":false},"excerpt":{"rendered":"<p>Stresszes adventi id\u0151szak K\u00f6zeledik a kar\u00e1csony, azonban sokak sz\u00e1m\u00e1ra ez az id\u0151szak nem csup\u00e1n a meghitts\u00e9get \u00e9s a nyugalmat jelenti, hanem stresszforr\u00e1sk\u00e9nt is szolg\u00e1l. Milyen aj\u00e1nd\u00e9kot vegyek, hogy senki ne legyen el\u00e9gedetlen? Hogyan fogok elk\u00e9sz\u00fclni a kar\u00e1csonyi d\u00edsz\u00edt\u00e9ssel \u00e9s az \u00fcnnepi fog\u00e1sokkal? Megint az \u00fcnnepi vacsora k\u00f6zben j\u00f6nnek fel az \u00e9ppen aktu\u00e1lis csal\u00e1di probl\u00e9m\u00e1k? 9%-nak [&#8230;]\n","protected":false},"author":1,"featured_media":1899,"comment_status":"closed","ping_status":"closed","sticky":false,"template":"","format":"standard","meta":{"_monsterinsights_skip_tracking":false,"_monsterinsights_sitenote_active":false,"_monsterinsights_sitenote_note":"","_monsterinsights_sitenote_category":0,"footnotes":""},"categories":[16],"tags":[],"class_list":["post-1898","post","type-post","status-publish","format-standard","has-post-thumbnail","hentry","category-pulzus-kutatasok"],"_links":{"self":[{"href":"https:\/\/www.pulzus.eu\/en\/wp-json\/wp\/v2\/posts\/1898","targetHints":{"allow":["GET"]}}],"collection":[{"href":"https:\/\/www.pulzus.eu\/en\/wp-json\/wp\/v2\/posts"}],"about":[{"href":"https:\/\/www.pulzus.eu\/en\/wp-json\/wp\/v2\/types\/post"}],"author":[{"embeddable":true,"href":"https:\/\/www.pulzus.eu\/en\/wp-json\/wp\/v2\/users\/1"}],"replies":[{"embeddable":true,"href":"https:\/\/www.pulzus.eu\/en\/wp-json\/wp\/v2\/comments?post=1898"}],"version-history":[{"count":0,"href":"https:\/\/www.pulzus.eu\/en\/wp-json\/wp\/v2\/posts\/1898\/revisions"}],"wp:featuredmedia":[{"embeddable":true,"href":"https:\/\/www.pulzus.eu\/en\/wp-json\/wp\/v2\/media\/1899"}],"wp:attachment":[{"href":"https:\/\/www.pulzus.eu\/en\/wp-json\/wp\/v2\/media?parent=1898"}],"wp:term":[{"taxonomy":"category","embeddable":true,"href":"https:\/\/www.pulzus.eu\/en\/wp-json\/wp\/v2\/categories?post=1898"},{"taxonomy":"post_tag","embeddable":true,"href":"https:\/\/www.pulzus.eu\/en\/wp-json\/wp\/v2\/tags?post=1898"}],"curies":[{"name":"wp","href":"https:\/\/api.w.org\/{rel}","templated":true}]}}