{"id":1865,"date":"2019-12-08T12:00:42","date_gmt":"2019-12-08T11:00:42","guid":{"rendered":"https:\/\/www.pulzus.eu\/?p=1865"},"modified":"2019-12-08T07:13:10","modified_gmt":"2019-12-08T06:13:10","slug":"adventi-idoszak","status":"publish","type":"post","link":"https:\/\/www.pulzus.eu\/en\/adventi-idoszak\/","title":{"rendered":"Adventi id\u0151szak &#8211; Pulzus kutat\u00e1s"},"content":{"rendered":"<h2>Adventi id\u0151szak<\/h2>\n<p class=\"lead\">Advent a kereszt\u00e9ny kult\u00fark\u00f6rben a kar\u00e1csony napj\u00e1t megel\u0151z\u0151 negyedik vas\u00e1rnapt\u00f3l kar\u00e1csonyig sz\u00e1m\u00edtott id\u0151szak. A kar\u00e1csonyi \u00fcnnepk\u00f6r advent els\u0151 napj\u00e1val kezd\u0151dik, \u00e9s v\u00edzkeresztig tart. Advent els\u0151 vas\u00e1rnapja, amely Szent Andr\u00e1s napj\u00e1hoz legk\u00f6zelebb es\u0151 vas\u00e1rnap, egy\u00fattal az egyh\u00e1zi \u00e9v kezdet\u00e9t is jelenti.<\/p>\n<p class=\"lead\">14% szereti igenis meg nem is az adventi id\u0151szakot. Te szereted?<\/p>\n","protected":false},"excerpt":{"rendered":"<p>Adventi id\u0151szak Advent a kereszt\u00e9ny kult\u00fark\u00f6rben a kar\u00e1csony napj\u00e1t megel\u0151z\u0151 negyedik vas\u00e1rnapt\u00f3l kar\u00e1csonyig sz\u00e1m\u00edtott id\u0151szak. A kar\u00e1csonyi \u00fcnnepk\u00f6r advent els\u0151 napj\u00e1val kezd\u0151dik, \u00e9s v\u00edzkeresztig tart. Advent els\u0151 vas\u00e1rnapja, amely Szent Andr\u00e1s napj\u00e1hoz legk\u00f6zelebb es\u0151 vas\u00e1rnap, egy\u00fattal az egyh\u00e1zi \u00e9v kezdet\u00e9t is jelenti. 14% szereti igenis meg nem is az adventi id\u0151szakot. Te szereted?<\/p>\n","protected":false},"author":1,"featured_media":1876,"comment_status":"closed","ping_status":"closed","sticky":false,"template":"","format":"standard","meta":{"_monsterinsights_skip_tracking":false,"_monsterinsights_sitenote_active":false,"_monsterinsights_sitenote_note":"","_monsterinsights_sitenote_category":0,"footnotes":""},"categories":[16],"tags":[],"class_list":["post-1865","post","type-post","status-publish","format-standard","has-post-thumbnail","hentry","category-pulzus-kutatasok"],"_links":{"self":[{"href":"https:\/\/www.pulzus.eu\/en\/wp-json\/wp\/v2\/posts\/1865","targetHints":{"allow":["GET"]}}],"collection":[{"href":"https:\/\/www.pulzus.eu\/en\/wp-json\/wp\/v2\/posts"}],"about":[{"href":"https:\/\/www.pulzus.eu\/en\/wp-json\/wp\/v2\/types\/post"}],"author":[{"embeddable":true,"href":"https:\/\/www.pulzus.eu\/en\/wp-json\/wp\/v2\/users\/1"}],"replies":[{"embeddable":true,"href":"https:\/\/www.pulzus.eu\/en\/wp-json\/wp\/v2\/comments?post=1865"}],"version-history":[{"count":0,"href":"https:\/\/www.pulzus.eu\/en\/wp-json\/wp\/v2\/posts\/1865\/revisions"}],"wp:featuredmedia":[{"embeddable":true,"href":"https:\/\/www.pulzus.eu\/en\/wp-json\/wp\/v2\/media\/1876"}],"wp:attachment":[{"href":"https:\/\/www.pulzus.eu\/en\/wp-json\/wp\/v2\/media?parent=1865"}],"wp:term":[{"taxonomy":"category","embeddable":true,"href":"https:\/\/www.pulzus.eu\/en\/wp-json\/wp\/v2\/categories?post=1865"},{"taxonomy":"post_tag","embeddable":true,"href":"https:\/\/www.pulzus.eu\/en\/wp-json\/wp\/v2\/tags?post=1865"}],"curies":[{"name":"wp","href":"https:\/\/api.w.org\/{rel}","templated":true}]}}