{"id":1724,"date":"2019-11-06T12:00:41","date_gmt":"2019-11-06T11:00:41","guid":{"rendered":"https:\/\/www.pulzus.eu\/?p=1724"},"modified":"2019-11-06T03:15:20","modified_gmt":"2019-11-06T02:15:20","slug":"a-katolikus-egyhaz-ketteszakadasarol","status":"publish","type":"post","link":"https:\/\/www.pulzus.eu\/en\/a-katolikus-egyhaz-ketteszakadasarol\/","title":{"rendered":"A katolikus egyh\u00e1z kett\u00e9szakad\u00e1s\u00e1r\u00f3l &#8211; Pulzus kutat\u00e1s"},"content":{"rendered":"<h2>A katolikus egyh\u00e1z kett\u00e9szakad\u00e1s\u00e1r\u00f3l<\/h2>\n<p class=\"lead\">A katolikus egyh\u00e1z az elm\u00falt \u00e9vsz\u00e1zadban k\u00e9t f\u0151 csoportra szakadt.\u00a0Az egyik csoport az introvert\u00e1ltak\u00e9, a m\u00e1sik az extrovert\u00e1ltak\u00e9. Ha r\u00f6viden kellene bemutatni \u0151ket, azt mondhatn\u00e1nk, hogy a befel\u00e9 fordul\u00f3k sziklak\u00e9nt tekintenek az egyh\u00e1zra egy viharban, \u00e9s azt tartj\u00e1k a feladat\u00e1nak, hogy mozdulatlan maradjon egy olyan vil\u00e1gban, amelynek egyre gyorsabban v\u00e1ltoznak az \u00e9rt\u00e9kei. Szerint\u00fck az egyh\u00e1z mened\u00e9k a vil\u00e1g el\u0151l. Az extrovert\u00e1ltak viszont azt gondolj\u00e1k, hogy az egyh\u00e1z csak \u00fagy tud t\u00fal\u00e9lni, ha reag\u00e1l a v\u00e1ltoz\u00f3 vil\u00e1gra, tanul a h\u00edvekt\u0151l, \u00e9s reag\u00e1l a val\u00f3s\u00e1gra, amelyben \u00e9l\u00fcnk.<\/p>\n<p class=\"lead\">31% elk\u00e9pzelhet\u0151nek tartja, hogy a katolikus egyh\u00e1z kett\u00e9szakadjon. Szerinted is elk\u00e9pzelhet\u0151?<\/p>\n","protected":false},"excerpt":{"rendered":"<p>A katolikus egyh\u00e1z kett\u00e9szakad\u00e1s\u00e1r\u00f3l A katolikus egyh\u00e1z az elm\u00falt \u00e9vsz\u00e1zadban k\u00e9t f\u0151 csoportra szakadt.\u00a0Az egyik csoport az introvert\u00e1ltak\u00e9, a m\u00e1sik az extrovert\u00e1ltak\u00e9. Ha r\u00f6viden kellene bemutatni \u0151ket, azt mondhatn\u00e1nk, hogy a befel\u00e9 fordul\u00f3k sziklak\u00e9nt tekintenek az egyh\u00e1zra egy viharban, \u00e9s azt tartj\u00e1k a feladat\u00e1nak, hogy mozdulatlan maradjon egy olyan vil\u00e1gban, amelynek egyre gyorsabban v\u00e1ltoznak az [&#8230;]\n","protected":false},"author":1,"featured_media":1725,"comment_status":"closed","ping_status":"closed","sticky":false,"template":"","format":"standard","meta":{"_monsterinsights_skip_tracking":false,"_monsterinsights_sitenote_active":false,"_monsterinsights_sitenote_note":"","_monsterinsights_sitenote_category":0,"footnotes":""},"categories":[16],"tags":[],"class_list":["post-1724","post","type-post","status-publish","format-standard","has-post-thumbnail","hentry","category-pulzus-kutatasok"],"_links":{"self":[{"href":"https:\/\/www.pulzus.eu\/en\/wp-json\/wp\/v2\/posts\/1724","targetHints":{"allow":["GET"]}}],"collection":[{"href":"https:\/\/www.pulzus.eu\/en\/wp-json\/wp\/v2\/posts"}],"about":[{"href":"https:\/\/www.pulzus.eu\/en\/wp-json\/wp\/v2\/types\/post"}],"author":[{"embeddable":true,"href":"https:\/\/www.pulzus.eu\/en\/wp-json\/wp\/v2\/users\/1"}],"replies":[{"embeddable":true,"href":"https:\/\/www.pulzus.eu\/en\/wp-json\/wp\/v2\/comments?post=1724"}],"version-history":[{"count":0,"href":"https:\/\/www.pulzus.eu\/en\/wp-json\/wp\/v2\/posts\/1724\/revisions"}],"wp:featuredmedia":[{"embeddable":true,"href":"https:\/\/www.pulzus.eu\/en\/wp-json\/wp\/v2\/media\/1725"}],"wp:attachment":[{"href":"https:\/\/www.pulzus.eu\/en\/wp-json\/wp\/v2\/media?parent=1724"}],"wp:term":[{"taxonomy":"category","embeddable":true,"href":"https:\/\/www.pulzus.eu\/en\/wp-json\/wp\/v2\/categories?post=1724"},{"taxonomy":"post_tag","embeddable":true,"href":"https:\/\/www.pulzus.eu\/en\/wp-json\/wp\/v2\/tags?post=1724"}],"curies":[{"name":"wp","href":"https:\/\/api.w.org\/{rel}","templated":true}]}}