{"id":1711,"date":"2019-11-03T12:00:44","date_gmt":"2019-11-03T11:00:44","guid":{"rendered":"https:\/\/www.pulzus.eu\/?p=1711"},"modified":"2019-11-03T09:03:56","modified_gmt":"2019-11-03T08:03:56","slug":"a-rangos-sportesemenyek-jot-tesznek-az-orszag-hirnevenek","status":"publish","type":"post","link":"https:\/\/www.pulzus.eu\/en\/a-rangos-sportesemenyek-jot-tesznek-az-orszag-hirnevenek\/","title":{"rendered":"A rangos sportesem\u00e9nyek j\u00f3t tesznek az orsz\u00e1g h\u00edrnev\u00e9nek &#8211; Pulzus kutat\u00e1s"},"content":{"rendered":"<h2>A rangos sportesem\u00e9nyek j\u00f3t tesznek az orsz\u00e1g h\u00edrnev\u00e9nek<\/h2>\n<p class=\"lead\">Magyarorsz\u00e1gnak kiemelt c\u00e9lja, hogy min\u00e9l t\u00f6bb nemzetk\u00f6zi sportesem\u00e9nynek adjon otthont, mert ezzel a hazai sportszakmai munk\u00e1t, a sportol\u00f3kat \u00e9s a szakembereket is t\u00e1mogatni lehet, valamint Magyarorsz\u00e1got \u00e9s a magyar v\u00e1rosokat a telev\u00edzi\u00f3s k\u00f6zvet\u00edt\u00e9seknek is k\u00f6sz\u00f6nhet\u0151en &#8220;<a href=\"https:\/\/www.kormany.hu\/hu\/emberi-eroforrasok-miniszteriuma\/sportert-felelos-allamtitkarsag\/hirek\/tobb-mint-120-nemzetkozi-sportesemenyt-rendeznek-az-iden-magyarorszagon\" target=\"_blank\" rel=\"noopener noreferrer\">meg tudjuk mutatni a vil\u00e1gnak.<\/a>&#8220;<\/p>\n<p class=\"lead\">75% szerint j\u00f3t tesz az orsz\u00e1g h\u00edrnev\u00e9nek, ha rangos sportesem\u00e9nyeket rendez. Melyik sport a kedvenced?<\/p>\n","protected":false},"excerpt":{"rendered":"<p>A rangos sportesem\u00e9nyek j\u00f3t tesznek az orsz\u00e1g h\u00edrnev\u00e9nek Magyarorsz\u00e1gnak kiemelt c\u00e9lja, hogy min\u00e9l t\u00f6bb nemzetk\u00f6zi sportesem\u00e9nynek adjon otthont, mert ezzel a hazai sportszakmai munk\u00e1t, a sportol\u00f3kat \u00e9s a szakembereket is t\u00e1mogatni lehet, valamint Magyarorsz\u00e1got \u00e9s a magyar v\u00e1rosokat a telev\u00edzi\u00f3s k\u00f6zvet\u00edt\u00e9seknek is k\u00f6sz\u00f6nhet\u0151en &#8220;meg tudjuk mutatni a vil\u00e1gnak.&#8220; 75% szerint j\u00f3t tesz az orsz\u00e1g h\u00edrnev\u00e9nek, [&#8230;]\n","protected":false},"author":1,"featured_media":1712,"comment_status":"closed","ping_status":"closed","sticky":false,"template":"","format":"standard","meta":{"_monsterinsights_skip_tracking":false,"_monsterinsights_sitenote_active":false,"_monsterinsights_sitenote_note":"","_monsterinsights_sitenote_category":0,"footnotes":""},"categories":[16],"tags":[],"class_list":["post-1711","post","type-post","status-publish","format-standard","has-post-thumbnail","hentry","category-pulzus-kutatasok"],"_links":{"self":[{"href":"https:\/\/www.pulzus.eu\/en\/wp-json\/wp\/v2\/posts\/1711","targetHints":{"allow":["GET"]}}],"collection":[{"href":"https:\/\/www.pulzus.eu\/en\/wp-json\/wp\/v2\/posts"}],"about":[{"href":"https:\/\/www.pulzus.eu\/en\/wp-json\/wp\/v2\/types\/post"}],"author":[{"embeddable":true,"href":"https:\/\/www.pulzus.eu\/en\/wp-json\/wp\/v2\/users\/1"}],"replies":[{"embeddable":true,"href":"https:\/\/www.pulzus.eu\/en\/wp-json\/wp\/v2\/comments?post=1711"}],"version-history":[{"count":0,"href":"https:\/\/www.pulzus.eu\/en\/wp-json\/wp\/v2\/posts\/1711\/revisions"}],"wp:featuredmedia":[{"embeddable":true,"href":"https:\/\/www.pulzus.eu\/en\/wp-json\/wp\/v2\/media\/1712"}],"wp:attachment":[{"href":"https:\/\/www.pulzus.eu\/en\/wp-json\/wp\/v2\/media?parent=1711"}],"wp:term":[{"taxonomy":"category","embeddable":true,"href":"https:\/\/www.pulzus.eu\/en\/wp-json\/wp\/v2\/categories?post=1711"},{"taxonomy":"post_tag","embeddable":true,"href":"https:\/\/www.pulzus.eu\/en\/wp-json\/wp\/v2\/tags?post=1711"}],"curies":[{"name":"wp","href":"https:\/\/api.w.org\/{rel}","templated":true}]}}